{"id":693,"date":"2021-02-17T10:00:00","date_gmt":"2021-02-17T09:00:00","guid":{"rendered":"https:\/\/paroisses-nancy-sud.fr\/HOME\/?p=693"},"modified":"2021-03-05T23:17:38","modified_gmt":"2021-03-05T22:17:38","slug":"annonces-de-la-visitation-du-21-fevrier-2021","status":"publish","type":"post","link":"https:\/\/paroisses-nancy-sud.fr\/HOME\/annonces-de-la-visitation-du-21-fevrier-2021\/","title":{"rendered":"Annonces de la Visitation du 21 f\u00e9vrier 2021"},"content":{"rendered":"\n<p><span style=\"color: #000000;\"><strong><u>\u00c9vangile de St Jean<\/u><\/strong><strong>\u00a0: <\/strong>La lecture de St Jean reprendra le jeudi 25 f\u00e9vrier de 14h \u00e0 16h. La rencontre se fera en deux petits groupes, dans les deux grandes salles du RDC \u00e0 Neuves-Maisons, dans le respect des r\u00e8gles sanitaires.<\/span><\/p>\n<p><span style=\"color: #000000;\"><strong><u>\u0152ufs de P\u00e2ques<\/u><\/strong>\u00a0: Ils sont arriv\u00e9s et seront vendus selon les r\u00e9seaux habituels dans les villages. A Neuves-Maisons, la vente se fera \u00e0 la sortie de la messe dominicale. L\u2019argent est revers\u00e9 au dioc\u00e8se de Nancy. <strong>L\u2019\u0153uf est vendu 0.70 euro. <\/strong><\/span><\/p>\n<p><span style=\"color: #000000;\"><strong><u>Car\u00eame\u00a0:<\/u><\/strong>\u00a0\u00a0\u00a0\u00a0\u00a0\u00a0 Quatre rencontres\u00a0: les\u00a0<strong>lundis 22 f\u00e9vrier, 01 mars, 08 mars et 15 mars de 15h00 \u00e0 16h00,<\/strong> dans les salles paroissiales de Neuves-Maisons, avec pour th\u00e8me\u00a0: la lettre encyclique du pape sur la fraternit\u00e9 universelle.<\/span><br \/><span style=\"color: #000000;\"><strong><u>CCFD\u00a0:<\/u><\/strong> \u00a0invite \u00e0 une rencontre le <strong>lundi 22 mars \u00e0 15h<\/strong> \u00e0 la salle paroissiale de Neuves-Maisons. Le CCFD assurera l\u2019animation de la messe du 21 mars, 5<sup>e<\/sup> dimanche de car\u00eame, ainsi qu\u2019une petite r\u00e9flexion tous les dimanches de car\u00eame.<\/span><\/p>\n<p><span style=\"color: #000000;\"><strong><u>Messes \u00e0 la Visitation\u00a0: <\/u><\/strong><em>sous r\u00e9serve des dispositions sanitaires \u00e0 venir.<\/em><\/span><br \/><span style=\"color: #000000;\">Samedi 27 f\u00e9vrier : 16h30 Bainville <\/span><br \/><span style=\"color: #000000;\">Dimanche 28 f\u00e9vrier : 10h30 Neuves-Maisons <\/span><br \/><span style=\"color: #000000;\">Samedi 06 mars\u00a0: 16h30 Pont St Vincent <\/span><br \/><span style=\"color: #000000;\">Dimanche 07 mars\u00a0: 10h \u00e0 Xeuilley et 10h30 \u00e0 Neuves-Maisons <\/span><br \/><span style=\"color: #000000;\">Samedi 13 mars\u00a0: 16h30 Th\u00e9lod<\/span><br \/><span style=\"color: #000000;\">Dimanche 14 mars\u00a0: 10h30 Neuves-Maisons <\/span><br \/><span style=\"color: #000000;\">Samedi 20 mars\u00a0: 16h30 Viterne <\/span><br \/><span style=\"color: #000000;\">Dimanche 21 mars\u00a0: 10h \u00e0 Frolois et 10h30 \u00e0 Neuves-Maisons (CCFD)<\/span><\/p>\n<p><span style=\"color: #000000;\"><strong><u>Les Rameaux<\/u><\/strong>\u00a0: <\/span><br \/><span style=\"color: #000000;\">Samedi 27 mars \u00e0 Pierreville \u00e0 16h30 <\/span><br \/><span style=\"color: #000000;\">Dimanche\u00a028 mars : 10h \u00e0 Maizi\u00e8res et 10h30 \u00e0 Neuves-Maisons<\/span><\/p>\n<p><span style=\"color: #000000;\"><strong><u>Pardon\u00a0<\/u><\/strong>: le samedi 27 mars de 9h \u00e0 12h \u00e0 l\u2019\u00e9glise de Neuves-Maisons<\/span><br \/><span style=\"color: #000000;\"><strong><u>C\u00e9l\u00e9bration p\u00e9nitentielle<\/u><\/strong>\u00a0: lundi 29 mars \u00e0 14h \u00e0 l\u2019\u00e9glise de Neuves-Maisons<\/span><\/p>\n<p><span style=\"color: #000000;\"><strong><u>Messes en semaine\u00a0au RDC des salles de Neuves-Maisons\u00a0:<\/u><\/strong><u><br \/><\/u>Mardi \u00e0 17h, jeudi \u00e0 8h30, vendredi \u00e0 11h. Adoration le vendredi \u00e0 10h<\/span><\/p>\n","protected":false},"excerpt":{"rendered":"<p>\u00c9vangile de St Jean\u00a0: La lecture de St Jean reprendra le jeudi 25 f\u00e9vrier de 14h \u00e0 16h. La rencontre se fera en deux petits groupes, dans les deux grandes salles du RDC \u00e0 Neuves-Maisons, dans le respect des r\u00e8gles sanitaires. \u0152ufs de P\u00e2ques\u00a0: Ils sont arriv\u00e9s et seront vendus selon les r\u00e9seaux habituels dans&hellip; <br \/> <a class=\"read-more\" href=\"https:\/\/paroisses-nancy-sud.fr\/HOME\/annonces-de-la-visitation-du-21-fevrier-2021\/\">Lire la suite<\/a><\/p>\n","protected":false},"author":2,"featured_media":344,"comment_status":"closed","ping_status":"open","sticky":false,"template":"","format":"standard","meta":[],"categories":[1],"tags":[],"acf":[],"_links":{"self":[{"href":"https:\/\/paroisses-nancy-sud.fr\/HOME\/wp-json\/wp\/v2\/posts\/693"}],"collection":[{"href":"https:\/\/paroisses-nancy-sud.fr\/HOME\/wp-json\/wp\/v2\/posts"}],"about":[{"href":"https:\/\/paroisses-nancy-sud.fr\/HOME\/wp-json\/wp\/v2\/types\/post"}],"author":[{"embeddable":true,"href":"https:\/\/paroisses-nancy-sud.fr\/HOME\/wp-json\/wp\/v2\/users\/2"}],"replies":[{"embeddable":true,"href":"https:\/\/paroisses-nancy-sud.fr\/HOME\/wp-json\/wp\/v2\/comments?post=693"}],"version-history":[{"count":1,"href":"https:\/\/paroisses-nancy-sud.fr\/HOME\/wp-json\/wp\/v2\/posts\/693\/revisions"}],"predecessor-version":[{"id":694,"href":"https:\/\/paroisses-nancy-sud.fr\/HOME\/wp-json\/wp\/v2\/posts\/693\/revisions\/694"}],"wp:featuredmedia":[{"embeddable":true,"href":"https:\/\/paroisses-nancy-sud.fr\/HOME\/wp-json\/wp\/v2\/media\/344"}],"wp:attachment":[{"href":"https:\/\/paroisses-nancy-sud.fr\/HOME\/wp-json\/wp\/v2\/media?parent=693"}],"wp:term":[{"taxonomy":"category","embeddable":true,"href":"https:\/\/paroisses-nancy-sud.fr\/HOME\/wp-json\/wp\/v2\/categories?post=693"},{"taxonomy":"post_tag","embeddable":true,"href":"https:\/\/paroisses-nancy-sud.fr\/HOME\/wp-json\/wp\/v2\/tags?post=693"}],"curies":[{"name":"wp","href":"https:\/\/api.w.org\/{rel}","templated":true}]}}