{"id":695,"date":"2021-02-24T12:00:00","date_gmt":"2021-02-24T11:00:00","guid":{"rendered":"https:\/\/paroisses-nancy-sud.fr\/HOME\/?p=695"},"modified":"2021-03-05T23:21:39","modified_gmt":"2021-03-05T22:21:39","slug":"annonces-de-la-visitation-du-28-fevrier-2021","status":"publish","type":"post","link":"https:\/\/paroisses-nancy-sud.fr\/HOME\/annonces-de-la-visitation-du-28-fevrier-2021\/","title":{"rendered":"Annonces de la Visitation du 28 f\u00e9vrier 2021"},"content":{"rendered":"\n<p><span style=\"color: #000000;\"><strong><u>Car\u00eame\u00a0:<\/u><\/strong> Des rencontres sont pr\u00e9vues les <strong>lundis 01 mars, 08 mars et 15 mars de 15h00 \u00e0 16h00,<\/strong> dans les salles paroissiales de Neuves-Maisons, avec pour th\u00e8me\u00a0: la lettre encyclique du pape sur la fraternit\u00e9 universelle.<\/span><\/p>\n<p><span style=\"color: #000000;\"><strong><u>CCFD\u00a0:<\/u><\/strong> \u00a0invite \u00e0 une rencontre le <strong>lundi 22 mars \u00e0 15h<\/strong> \u00e0 la salle paroissiale de Neuves-Maisons.<\/span><\/p>\n<p><span style=\"color: #000000;\"><strong><u>\u0152ufs de P\u00e2ques<\/u><\/strong>\u00a0: sont vendus \u00e0 la sortie de la messe \u00e0 NM\u00a0: 0,70 \u20ac l\u2019\u0153uf. Merci\u00a0!<\/span><\/p>\n<p><span style=\"color: #000000;\"><strong><u>Louis BURTON\u00a0:<\/u><\/strong> Des paroissiens sont all\u00e9s au cimeti\u00e8re du sud \u00e0 Nancy, pour se recueillir sur la tombe de Loulou. Ils ont \u00e9t\u00e9 surpris de ne pas voir son nom inscrit. Apr\u00e8s avoir consult\u00e9 la soci\u00e9t\u00e9 de pompes fun\u00e8bres, celle-ci m\u2019assure que l\u2019inscription sera faite dans les semaines \u00e0 venir.<\/span><\/p>\n<p><span style=\"color: #000000;\"><strong><u>Cat\u00e9chum\u00e9nat\u00a0:<\/u><\/strong> Elisabeth GARDEL de Pulligny recevra le bapt\u00eame au cours de la veill\u00e9e pascale, ainsi que la confirmation et l\u2019eucharistie. Avant cela, nous prierons pour purifier son c\u0153ur de tout p\u00e9ch\u00e9 (scrutin) au cours de la messe du 07 mars \u00e0 NM. \u00a0<\/span><\/p>\n<p><span style=\"color: #000000;\"><strong><u>Messes \u00e0 la Visitation\u00a0: <\/u><\/strong><em>sous r\u00e9serve des dispositions sanitaires \u00e0 venir.<\/em><\/span><br \/><span style=\"color: #000000;\">Samedi 06 mars\u00a0: 16h30 Pont St Vincent <\/span><br \/><span style=\"color: #000000;\">Dimanche 07 mars\u00a0: 10h \u00e0 Xeuilley et 10h30 \u00e0 Neuves-Maisons <\/span><br \/><span style=\"color: #000000;\">Samedi 13 mars\u00a0: 16h30 Th\u00e9lod<\/span><br \/><span style=\"color: #000000;\">Dimanche 14 mars\u00a0: 10h30 Neuves-Maisons <\/span><br \/><span style=\"color: #000000;\">Samedi 20 mars\u00a0: 16h30 Viterne <\/span><br \/><span style=\"color: #000000;\">Dimanche 21 mars\u00a0:10h \u00e0 Frolois et 10h30 \u00e0 Neuves-Maisons (CCFD)<\/span><\/p>\n<p><span style=\"color: #000000;\"><strong><u>Les Rameaux<\/u><\/strong>\u00a0: <\/span><br \/><span style=\"color: #000000;\">Samedi 27 mars \u00e0 Pierreville \u00e0 16h30 <\/span><br \/><span style=\"color: #000000;\">Dimanche\u00a028 mars : 10h \u00e0 Maizi\u00e8res et 10h30 \u00e0 Neuves-Maisons<\/span><\/p>\n<p><span style=\"color: #000000;\"><strong><u>Pardon\u00a0<\/u><\/strong>: le samedi 27 mars de 9h \u00e0 12h \u00e0 l\u2019\u00e9glise de Neuves-Maisons<\/span><br \/><span style=\"color: #000000;\"><strong><u>C\u00e9l\u00e9bration p\u00e9nitentielle<\/u><\/strong>\u00a0: lundi 29 mars \u00e0 14h \u00e0 l\u2019\u00e9glise de Neuves-Maisons<\/span><\/p>\n<p><span style=\"color: #000000;\"><strong><u>Messes en semaine\u00a0au RDC des salles de Neuves-Maisons\u00a0:<\/u><\/strong><u><br \/><\/u>Mardi \u00e0 17h, jeudi \u00e0 8h30, vendredi \u00e0 11h. Adoration le vendredi \u00e0 10h<\/span><\/p>\n","protected":false},"excerpt":{"rendered":"<p>Car\u00eame\u00a0: Des rencontres sont pr\u00e9vues les lundis 01 mars, 08 mars et 15 mars de 15h00 \u00e0 16h00, dans les salles paroissiales de Neuves-Maisons, avec pour th\u00e8me\u00a0: la lettre encyclique du pape sur la fraternit\u00e9 universelle. CCFD\u00a0: \u00a0invite \u00e0 une rencontre le lundi 22 mars \u00e0 15h \u00e0 la salle paroissiale de Neuves-Maisons. \u0152ufs de&hellip; <br \/> <a class=\"read-more\" href=\"https:\/\/paroisses-nancy-sud.fr\/HOME\/annonces-de-la-visitation-du-28-fevrier-2021\/\">Lire la suite<\/a><\/p>\n","protected":false},"author":2,"featured_media":344,"comment_status":"closed","ping_status":"open","sticky":false,"template":"","format":"standard","meta":[],"categories":[1],"tags":[],"acf":[],"_links":{"self":[{"href":"https:\/\/paroisses-nancy-sud.fr\/HOME\/wp-json\/wp\/v2\/posts\/695"}],"collection":[{"href":"https:\/\/paroisses-nancy-sud.fr\/HOME\/wp-json\/wp\/v2\/posts"}],"about":[{"href":"https:\/\/paroisses-nancy-sud.fr\/HOME\/wp-json\/wp\/v2\/types\/post"}],"author":[{"embeddable":true,"href":"https:\/\/paroisses-nancy-sud.fr\/HOME\/wp-json\/wp\/v2\/users\/2"}],"replies":[{"embeddable":true,"href":"https:\/\/paroisses-nancy-sud.fr\/HOME\/wp-json\/wp\/v2\/comments?post=695"}],"version-history":[{"count":2,"href":"https:\/\/paroisses-nancy-sud.fr\/HOME\/wp-json\/wp\/v2\/posts\/695\/revisions"}],"predecessor-version":[{"id":697,"href":"https:\/\/paroisses-nancy-sud.fr\/HOME\/wp-json\/wp\/v2\/posts\/695\/revisions\/697"}],"wp:featuredmedia":[{"embeddable":true,"href":"https:\/\/paroisses-nancy-sud.fr\/HOME\/wp-json\/wp\/v2\/media\/344"}],"wp:attachment":[{"href":"https:\/\/paroisses-nancy-sud.fr\/HOME\/wp-json\/wp\/v2\/media?parent=695"}],"wp:term":[{"taxonomy":"category","embeddable":true,"href":"https:\/\/paroisses-nancy-sud.fr\/HOME\/wp-json\/wp\/v2\/categories?post=695"},{"taxonomy":"post_tag","embeddable":true,"href":"https:\/\/paroisses-nancy-sud.fr\/HOME\/wp-json\/wp\/v2\/tags?post=695"}],"curies":[{"name":"wp","href":"https:\/\/api.w.org\/{rel}","templated":true}]}}