{"id":698,"date":"2021-03-05T23:25:59","date_gmt":"2021-03-05T22:25:59","guid":{"rendered":"https:\/\/paroisses-nancy-sud.fr\/HOME\/?p=698"},"modified":"2021-03-05T23:26:36","modified_gmt":"2021-03-05T22:26:36","slug":"annonces-de-la-visitation-du-07-mars-2021","status":"publish","type":"post","link":"https:\/\/paroisses-nancy-sud.fr\/HOME\/annonces-de-la-visitation-du-07-mars-2021\/","title":{"rendered":"Annonces de la Visitation du 07 mars 2021"},"content":{"rendered":"\n<p><span style=\"color: #000000;\"><strong><u>Car\u00eame\u00a0:<\/u><\/strong> Des rencontres\u00a0sont pr\u00e9vues les\u00a0<strong>lundis 08 mars et 15 mars de 15h00 \u00e0 16h00,<\/strong> dans les salles paroissiales de Neuves-Maisons, avec pour th\u00e8me\u00a0: la lettre encyclique du pape sur la fraternit\u00e9 universelle.<\/span><\/p>\n<p><span style=\"color: #000000;\"><strong><u>CCFD\u00a0:<\/u><\/strong> \u00a0invite \u00e0 une rencontre le <strong>lundi 22 mars \u00e0 15h<\/strong> \u00e0 la salle paroissiale de Neuves-Maisons.<\/span><\/p>\n<p><span style=\"color: #000000;\"><strong><u>Charges paroissiales du premier dimanche du mois<\/u><\/strong>\u00a0: Vous pouvez faire un don en <strong>esp\u00e8ces<\/strong> \u00e0 la sortie de la messe. Vous pouvez utiliser <strong>l\u2019application LYF PAY<\/strong>. (Faire un don, \u00e9glise St Antoine de Padoue.) ou faire <strong>un virement<\/strong>\u00a0: <\/span><br \/><span style=\"color: #000000;\">FR76 1027 8040 0200 0203 8790 116 \u2013 BIC : CMCIFR2A<\/span><\/p>\n<p><span style=\"color: #000000;\"><strong><u>Denier de l\u2019Eglise<\/u><\/strong>\u00a0: Pour le dioc\u00e8se, les r\u00e9sultats du Denier de l\u2019Eglise pour 2020 sont en augmentation de 4,4 %, avec 401 nouveaux donateurs. Les dons sont compris entre 4 euros et 20000 euros, ce qui fait un don moyen de 164 euros. Les dons en ligne sont en augmentation de 36,6 %. <strong>Pour la paroisse de la Visitation<\/strong>, les dons pour 2020 sont en augmentation de 6,94% (50125 en 2019 \u2013 53603 en 2020) <\/span><br \/><span style=\"color: #000000;\">Merci aux donateurs\u00a0!<\/span><\/p>\n<p><span style=\"color: #000000;\"><strong><u>Messes \u00e0 la Visitation\u00a0<\/u><\/strong><strong>: <\/strong><em>sous r\u00e9serve des dispositions sanitaires \u00e0 venir.<\/em><\/span><br \/><span style=\"color: #000000;\">Samedi 13 mars\u00a0: 16h30 Th\u00e9lod<\/span><br \/><span style=\"color: #000000;\">Dimanche 14 mars\u00a0: 10h30 Neuves-Maisons <\/span><br \/><span style=\"color: #000000;\">Samedi 20 mars\u00a0: 16h30 Viterne<br \/><\/span><span style=\"color: #000000;\">Dimanche 21 mars\u00a0:10h \u00e0 Frolois et 10h30 \u00e0 Neuves-Maisons (CCFD)<\/span><\/p>\n<p><span style=\"color: #000000;\"><strong><u>Les Rameaux<\/u><\/strong>\u00a0: <\/span><br \/><span style=\"color: #000000;\">Samedi 27 mars \u00e0 Pierreville \u00e0 16h30 <\/span><br \/><span style=\"color: #000000;\">Dimanche\u00a028 mars : 10h \u00e0 Maizi\u00e8res et 10h30 \u00e0 Neuves-Maisons<\/span><\/p>\n<p><span style=\"color: #000000;\"><strong><u>Pardon\u00a0<\/u><\/strong>: le samedi 27 mars de 9h \u00e0 12h \u00e0 l\u2019\u00e9glise de Neuves-Maisons<\/span><br \/><span style=\"color: #000000;\"><strong><u>C\u00e9l\u00e9bration p\u00e9nitentielle<\/u><\/strong>\u00a0: lundi 29 mars \u00e0 14h \u00e0 l\u2019\u00e9glise de Neuves-Maisons<\/span><\/p>\n<p><span style=\"color: #000000;\"><strong><u>Semaine sainte<\/u><\/strong>\u00a0: <\/span><br \/><span style=\"color: #000000;\">Jeudi 1<sup>er<\/sup> avril\u00a0: Bainville \u00e0\u00a016h30 <\/span><br \/><span style=\"color: #000000;\">Vendredi \u00e0 15h chemin de croix \u00e0 Neuves-Maisons<\/span><br \/><span style=\"color: #000000;\">16h30, office de la croix \u00e0 Bainville <\/span><br \/><span style=\"color: #000000;\">Samedi saint\u00a0\u00e0 Pulligny (heure \u00e0 venir) <\/span><br \/><span style=\"color: #000000;\"><strong><u>Dimanche de P\u00e2ques\u00a0:<\/u><\/strong> 10h \u00e0 Xeuilley et 10h30 \u00e0 Neuves-Maisons<\/span><\/p>\n<p><span style=\"color: #000000;\"><strong><u>Messes en semaine\u00a0au RDC des salles de Neuves-Maisons\u00a0:<\/u><\/strong><u><br \/><\/u>Mardi \u00e0 17h, jeudi \u00e0 8h30, vendredi \u00e0 11h. Adoration le vendredi \u00e0 10h<\/span><\/p>\n","protected":false},"excerpt":{"rendered":"<p>Car\u00eame\u00a0: Des rencontres\u00a0sont pr\u00e9vues les\u00a0lundis 08 mars et 15 mars de 15h00 \u00e0 16h00, dans les salles paroissiales de Neuves-Maisons, avec pour th\u00e8me\u00a0: la lettre encyclique du pape sur la fraternit\u00e9 universelle. CCFD\u00a0: \u00a0invite \u00e0 une rencontre le lundi 22 mars \u00e0 15h \u00e0 la salle paroissiale de Neuves-Maisons. Charges paroissiales du premier dimanche du&hellip; <br \/> <a class=\"read-more\" href=\"https:\/\/paroisses-nancy-sud.fr\/HOME\/annonces-de-la-visitation-du-07-mars-2021\/\">Lire la suite<\/a><\/p>\n","protected":false},"author":2,"featured_media":344,"comment_status":"closed","ping_status":"open","sticky":false,"template":"","format":"standard","meta":[],"categories":[1],"tags":[],"acf":[],"_links":{"self":[{"href":"https:\/\/paroisses-nancy-sud.fr\/HOME\/wp-json\/wp\/v2\/posts\/698"}],"collection":[{"href":"https:\/\/paroisses-nancy-sud.fr\/HOME\/wp-json\/wp\/v2\/posts"}],"about":[{"href":"https:\/\/paroisses-nancy-sud.fr\/HOME\/wp-json\/wp\/v2\/types\/post"}],"author":[{"embeddable":true,"href":"https:\/\/paroisses-nancy-sud.fr\/HOME\/wp-json\/wp\/v2\/users\/2"}],"replies":[{"embeddable":true,"href":"https:\/\/paroisses-nancy-sud.fr\/HOME\/wp-json\/wp\/v2\/comments?post=698"}],"version-history":[{"count":2,"href":"https:\/\/paroisses-nancy-sud.fr\/HOME\/wp-json\/wp\/v2\/posts\/698\/revisions"}],"predecessor-version":[{"id":700,"href":"https:\/\/paroisses-nancy-sud.fr\/HOME\/wp-json\/wp\/v2\/posts\/698\/revisions\/700"}],"wp:featuredmedia":[{"embeddable":true,"href":"https:\/\/paroisses-nancy-sud.fr\/HOME\/wp-json\/wp\/v2\/media\/344"}],"wp:attachment":[{"href":"https:\/\/paroisses-nancy-sud.fr\/HOME\/wp-json\/wp\/v2\/media?parent=698"}],"wp:term":[{"taxonomy":"category","embeddable":true,"href":"https:\/\/paroisses-nancy-sud.fr\/HOME\/wp-json\/wp\/v2\/categories?post=698"},{"taxonomy":"post_tag","embeddable":true,"href":"https:\/\/paroisses-nancy-sud.fr\/HOME\/wp-json\/wp\/v2\/tags?post=698"}],"curies":[{"name":"wp","href":"https:\/\/api.w.org\/{rel}","templated":true}]}}