{"id":758,"date":"2020-11-07T17:00:00","date_gmt":"2020-11-07T16:00:00","guid":{"rendered":"https:\/\/paroisses-nancy-sud.fr\/HOME\/?p=758"},"modified":"2021-04-11T17:20:00","modified_gmt":"2021-04-11T15:20:00","slug":"levangile-en-famille","status":"publish","type":"post","link":"https:\/\/paroisses-nancy-sud.fr\/HOME\/levangile-en-famille\/","title":{"rendered":"L&rsquo;\u00c9vangile en famille"},"content":{"rendered":"\n<p><span style=\"color: #000000;\">Voici quelques pistes pour d\u00e9couvrir l&rsquo;\u00c9vangile de demain (32<sup>e<\/sup> dimanche du temps ordinaire) et \u00e9changer avec les enfants : <\/span><br \/><span style=\"color: #000000;\">&#8211; L&rsquo;\u00c9vangile en <a href=\"https:\/\/www.theobule.org\/video\/les-vierges-folles-et-les-vierges-sages\/476\">dessin anim\u00e9<\/a> <\/span><br \/><span style=\"color: #000000;\">&#8211; Un dessin et des explications<\/span><\/p>\n<p>\u00a0<\/p>\n\n\n\n<div class=\"wp-block-file\"><a href=\"https:\/\/paroisses-nancy-sud.fr\/HOME\/wp-content\/uploads\/32TO_enfants.pdf\">32TO_enfants<\/a><a href=\"https:\/\/paroisses-nancy-sud.fr\/HOME\/wp-content\/uploads\/32TO_enfants.pdf\" class=\"wp-block-file__button\" download>T\u00e9l\u00e9charger<\/a><\/div>\n","protected":false},"excerpt":{"rendered":"<p>Voici quelques pistes pour d\u00e9couvrir l&rsquo;\u00c9vangile de demain (32e dimanche du temps ordinaire) et \u00e9changer avec les enfants : &#8211; L&rsquo;\u00c9vangile en dessin anim\u00e9 &#8211; Un dessin et des explications \u00a0<\/p>\n","protected":false},"author":2,"featured_media":759,"comment_status":"closed","ping_status":"open","sticky":false,"template":"","format":"standard","meta":[],"categories":[12],"tags":[],"acf":[],"_links":{"self":[{"href":"https:\/\/paroisses-nancy-sud.fr\/HOME\/wp-json\/wp\/v2\/posts\/758"}],"collection":[{"href":"https:\/\/paroisses-nancy-sud.fr\/HOME\/wp-json\/wp\/v2\/posts"}],"about":[{"href":"https:\/\/paroisses-nancy-sud.fr\/HOME\/wp-json\/wp\/v2\/types\/post"}],"author":[{"embeddable":true,"href":"https:\/\/paroisses-nancy-sud.fr\/HOME\/wp-json\/wp\/v2\/users\/2"}],"replies":[{"embeddable":true,"href":"https:\/\/paroisses-nancy-sud.fr\/HOME\/wp-json\/wp\/v2\/comments?post=758"}],"version-history":[{"count":3,"href":"https:\/\/paroisses-nancy-sud.fr\/HOME\/wp-json\/wp\/v2\/posts\/758\/revisions"}],"predecessor-version":[{"id":917,"href":"https:\/\/paroisses-nancy-sud.fr\/HOME\/wp-json\/wp\/v2\/posts\/758\/revisions\/917"}],"wp:featuredmedia":[{"embeddable":true,"href":"https:\/\/paroisses-nancy-sud.fr\/HOME\/wp-json\/wp\/v2\/media\/759"}],"wp:attachment":[{"href":"https:\/\/paroisses-nancy-sud.fr\/HOME\/wp-json\/wp\/v2\/media?parent=758"}],"wp:term":[{"taxonomy":"category","embeddable":true,"href":"https:\/\/paroisses-nancy-sud.fr\/HOME\/wp-json\/wp\/v2\/categories?post=758"},{"taxonomy":"post_tag","embeddable":true,"href":"https:\/\/paroisses-nancy-sud.fr\/HOME\/wp-json\/wp\/v2\/tags?post=758"}],"curies":[{"name":"wp","href":"https:\/\/api.w.org\/{rel}","templated":true}]}}