{"id":771,"date":"2021-03-19T20:18:34","date_gmt":"2021-03-19T19:18:34","guid":{"rendered":"https:\/\/paroisses-nancy-sud.fr\/HOME\/?p=771"},"modified":"2021-03-19T20:18:34","modified_gmt":"2021-03-19T19:18:34","slug":"saint-joseph-une-figure-extraordinaire-pour-les-croyants","status":"publish","type":"post","link":"https:\/\/paroisses-nancy-sud.fr\/HOME\/saint-joseph-une-figure-extraordinaire-pour-les-croyants\/","title":{"rendered":"Saint Joseph, \u00ab\u00a0une figure extraordinaire\u00a0\u00bb pour les croyants"},"content":{"rendered":"\n<p><span style=\"color: #000000;\">C\u2019est dans sa lettre apostolique \u00ab Patris corde \u00bb -avec un c\u0153ur de P\u00e8re- que le pape Fran\u00e7ois invite \u00e0 une ann\u00e9e de pri\u00e8re pour saint Joseph. En effet, nous f\u00eatons le 150<sup>e<\/sup> anniversaire de saint Joseph comme patron de l\u2019\u00c9glise universelle. Cette ann\u00e9e sp\u00e9ciale d\u00e9di\u00e9e \u00e0 saint Joseph prendra fin <strong>le 08 d\u00e9cembre 2021.<\/strong><\/span><\/p>\n<p><span style=\"color: #000000;\">A cette occasion, le pape Fran\u00e7ois nous livre sa r\u00e9flexion sur cette <strong><em>\u00ab\u00a0figure extraordinaire\u00a0\u00bb<\/em><\/strong> qu\u2019est saint Joseph. Le pape nous rappelle que les \u00e9vang\u00e9listes nous parlent tr\u00e8s peu de Joseph, mais qu\u2019ils en disent suffisamment pour nous faire comprendre, \u00e0 travers l\u2019action quotidienne et discr\u00e8te de Joseph, son <strong><em>\u00ab\u00a0r\u00f4le central dans l\u2019histoire du salut\u00a0\u00bb.<\/em><\/strong><\/span><\/p>\n<p><span style=\"color: #000000;\">Le pape pr\u00e9sente alors saint Joseph comme un p\u00e8re en sept points\u00a0: <\/span><br \/><span style=\"color: #000000;\">* <strong><em>Joseph est un p\u00e8re aim\u00e9 par le peuple chr\u00e9tien<\/em><\/strong>, parce qu\u2019il a donn\u00e9 sa vie pour qu\u2019en J\u00e9sus s\u2019accomplisse la volont\u00e9 de Dieu. <\/span><br \/><span style=\"color: #000000;\">* <strong><em>Joseph est p\u00e8re dans la tendresse<\/em><\/strong>. Il nous fait voir la tendresse de Dieu, qui nous rejoint dans nos faiblesses, nos fragilit\u00e9s et agit \u00e0 travers et malgr\u00e9 elles. <\/span><br \/><span style=\"color: #000000;\">* <strong><em>Joseph est p\u00e8re dans l\u2019ob\u00e9issance<\/em><\/strong>. Il est un mod\u00e8le de discernement et de soumission \u00e0 la volont\u00e9 de Dieu. <\/span><br \/><span style=\"color: #000000;\">* <strong><em>Joseph est p\u00e8re dans l\u2019accueil<\/em><\/strong>. Son exemple nous invite \u00e0 accueillir notre propre histoire ce qui nous donne la force de l\u2019assumer. Il nous invite aussi \u00e0 l\u2019accueil des autres. <\/span><br \/><span style=\"color: #000000;\">* <strong><em>Joseph est un p\u00e8re au courage cr\u00e9atif<\/em><\/strong>, devant les difficult\u00e9s. Avec lui nous apprenons comment aimer J\u00e9sus et sa m\u00e8re, mais aussi l\u2019\u00c9glise et les pauvres. <\/span><br \/><span style=\"color: #000000;\">* <strong><em>Joseph est un p\u00e8re travailleur<\/em><\/strong>. Il nous rappelle l\u2019importance du travail. <\/span><br \/><span style=\"color: #000000;\">* <strong><em>Joseph est un p\u00e8re dans l\u2019ombre<\/em><\/strong>. Le pape Fran\u00e7ois d\u00e9crit un amour paternel qui respecte infiniment la libert\u00e9 de l\u2019enfant qui lui est confi\u00e9.<\/span><\/p>\n<p><span style=\"color: #000000;\">Par cette lettre apostolique, le pape Fran\u00e7ois veut nous donner saint Joseph, comme <strong><em>\u00ab\u00a0soutien et guide dans les moments de difficult\u00e9s.\u00a0\u00bb<\/em><\/strong> Ainsi Joseph traverse avec nous les \u00e9preuves de cette pand\u00e9mie, et nous apporte, en toute discr\u00e9tion, son soutien\u00a0! Mettons-nous sans h\u00e9siter \u00e0 l\u2019\u00e9cole de saint Joseph\u00a0!<\/span><\/p>\n<p style=\"text-align: right;\"><span style=\"color: #000000;\"><em>P\u00e8re Serge GERARDY, cur\u00e9 mod\u00e9rateur. <\/em><\/span><\/p>\n<p style=\"text-align: center;\"><span style=\"color: #000000;\"><strong>Pri\u00e8re \u00e0 saint Joseph pour guider cette ann\u00e9e. <br \/><em>150<sup>e<\/sup> anniversaire de la proclamation de saint Joseph <br \/>comme patron de l\u2019\u00c9glise Universelle. <\/em><\/strong><\/span><\/p>\n<p style=\"text-align: center;\"><span style=\"color: #000000;\">Salut, saint Joseph, gardien du R\u00e9dempteur, <\/span><br \/><span style=\"color: #000000;\">\u00c9poux de la Vierge Marie. <\/span><br \/><span style=\"color: #000000;\">A toi Dieu a confi\u00e9 son fils ; <\/span><br \/><span style=\"color: #000000;\">En toi Marie a remis sa confiance\u00a0; <\/span><br \/><span style=\"color: #000000;\">Avec toi le Christ est devenu homme. <\/span><br \/><span style=\"color: #000000;\">O bienheureux Joseph, <\/span><br \/><span style=\"color: #000000;\">Montre-toi aussi un p\u00e8re pour nous, <\/span><br \/><span style=\"color: #000000;\">Et conduis-nous sur le chemin de la vie. <\/span><br \/><span style=\"color: #000000;\">Obtiens-nous gr\u00e2ce, mis\u00e9ricorde et courage, <\/span><br \/><span style=\"color: #000000;\">Et d\u00e9fends-nous de tout mal. Amen.<\/span><\/p>\n","protected":false},"excerpt":{"rendered":"<p>C\u2019est dans sa lettre apostolique \u00ab Patris corde \u00bb -avec un c\u0153ur de P\u00e8re- que le pape Fran\u00e7ois invite \u00e0 une ann\u00e9e de pri\u00e8re pour saint Joseph. En effet, nous f\u00eatons le 150e anniversaire de saint Joseph comme patron de l\u2019\u00c9glise universelle. Cette ann\u00e9e sp\u00e9ciale d\u00e9di\u00e9e \u00e0 saint Joseph prendra fin le 08 d\u00e9cembre 2021.&hellip; <br \/> <a class=\"read-more\" href=\"https:\/\/paroisses-nancy-sud.fr\/HOME\/saint-joseph-une-figure-extraordinaire-pour-les-croyants\/\">Lire la suite<\/a><\/p>\n","protected":false},"author":2,"featured_media":772,"comment_status":"closed","ping_status":"open","sticky":false,"template":"","format":"standard","meta":[],"categories":[3],"tags":[],"acf":[],"_links":{"self":[{"href":"https:\/\/paroisses-nancy-sud.fr\/HOME\/wp-json\/wp\/v2\/posts\/771"}],"collection":[{"href":"https:\/\/paroisses-nancy-sud.fr\/HOME\/wp-json\/wp\/v2\/posts"}],"about":[{"href":"https:\/\/paroisses-nancy-sud.fr\/HOME\/wp-json\/wp\/v2\/types\/post"}],"author":[{"embeddable":true,"href":"https:\/\/paroisses-nancy-sud.fr\/HOME\/wp-json\/wp\/v2\/users\/2"}],"replies":[{"embeddable":true,"href":"https:\/\/paroisses-nancy-sud.fr\/HOME\/wp-json\/wp\/v2\/comments?post=771"}],"version-history":[{"count":1,"href":"https:\/\/paroisses-nancy-sud.fr\/HOME\/wp-json\/wp\/v2\/posts\/771\/revisions"}],"predecessor-version":[{"id":773,"href":"https:\/\/paroisses-nancy-sud.fr\/HOME\/wp-json\/wp\/v2\/posts\/771\/revisions\/773"}],"wp:featuredmedia":[{"embeddable":true,"href":"https:\/\/paroisses-nancy-sud.fr\/HOME\/wp-json\/wp\/v2\/media\/772"}],"wp:attachment":[{"href":"https:\/\/paroisses-nancy-sud.fr\/HOME\/wp-json\/wp\/v2\/media?parent=771"}],"wp:term":[{"taxonomy":"category","embeddable":true,"href":"https:\/\/paroisses-nancy-sud.fr\/HOME\/wp-json\/wp\/v2\/categories?post=771"},{"taxonomy":"post_tag","embeddable":true,"href":"https:\/\/paroisses-nancy-sud.fr\/HOME\/wp-json\/wp\/v2\/tags?post=771"}],"curies":[{"name":"wp","href":"https:\/\/api.w.org\/{rel}","templated":true}]}}