{"id":861,"date":"2021-03-28T17:05:00","date_gmt":"2021-03-28T15:05:00","guid":{"rendered":"https:\/\/paroisses-nancy-sud.fr\/HOME\/?p=861"},"modified":"2021-04-01T17:11:41","modified_gmt":"2021-04-01T15:11:41","slug":"annonces-de-saint-francois-de-sales-et-sainte-jeanne-de-chantal-du-28-mars-2021","status":"publish","type":"post","link":"https:\/\/paroisses-nancy-sud.fr\/HOME\/annonces-de-saint-francois-de-sales-et-sainte-jeanne-de-chantal-du-28-mars-2021\/","title":{"rendered":"Annonces de Saint-Fran\u00e7ois-de-Sales et Sainte-Jeanne-de-Chantal du 28 mars 2021"},"content":{"rendered":"\n<p><span style=\"color: #000000;\"><strong>Bapt\u00eames &#8211; Confirmation &#8211; Communion<\/strong> <\/span><br \/><span style=\"color: #000000;\">\u00c0 Jarville, dimanche 4 avril lors de la Vigile Pascale Marl\u00e8ne, Guillaume, Z\u00e9phirin et Stanislas recevront le bapt\u00eame, la confirmation et communieront pour la premi\u00e8re fois<\/span><br \/><span style=\"color: #000000;\">\u00c0 Laneuveville bapt\u00eame de Margaux Gherraf et \u00e0 Flavigny bapt\u00eame de Rose Boyet apr\u00e8s les messes de P\u00e2ques. <\/span><br \/><span style=\"color: #000000;\">Le 11 avril bapt\u00eame, confirmation et communion de Geoffrey. <\/span><br \/><span style=\"color: #000000;\">Nous sommes heureux de les accueillir dans la communaut\u00e9 des baptis\u00e9s et nous nous associons \u00e0 eux et \u00e0 leurs familles par la pri\u00e8re.\u00a0<\/span><\/p>\n<p><span style=\"color: #000000;\"><strong>Messe Chrismale <br \/><\/strong>Le mardi 30 mars \u00e0 15h \u00e0 la cath\u00e9drale de Toul, c\u00e9l\u00e9bration de la messe chrismale retransmise en direct sur RCF Lorraine Nancy. L\u2019\u00e9v\u00eaque b\u00e9nit les huiles saintes, consacre le St Chr\u00eame. Cette huile servira d\u00e8s les bapt\u00eames de P\u00e2ques et tout au long de l\u2019ann\u00e9e pour les sacrements de bapt\u00eame, de confirmation, le sacrement des malades et de l\u2019ordre.<\/span><\/p>\n<p><span style=\"color: #000000;\"><strong>Car\u00eame 2021 <br \/><\/strong>C\u00e9l\u00e9brations du pardon :\u00a0 lundi 29 mars <strong><br \/><\/strong>14h \u00e0 Neuves-Maisons<strong><br \/><\/strong>16h \u00e0 Heillecourt <strong><br \/><\/strong>17h30 \u00e0 Jarville <strong><br \/><\/strong>Confessions possibles <strong><br \/><\/strong>le samedi \u00e0 11h \u00e0 Jarville <strong><br \/><\/strong>le vendredi saint apr\u00e8s le chemin de croix \u00e0 Heillecourt et \u00e0 Jarville<\/span><\/p>\n<p><span style=\"color: #000000;\">Lire ensemble le livret \u00ab Aimer le Christ \u00bb et partager ses d\u00e9couvertes : une demi-heure avant la messe, c\u2019est-\u00e0-dire 10h \u00e0 Jarville, 17h \u00e0 Heillecourt et 9h30 \u00e0 Flavigny.<\/span><\/p>\n<p><span style=\"color: #000000;\"><strong>Solidarit\u00e9<\/strong> <\/span><br \/><span style=\"color: #000000;\">Collecte au fond de nos \u00e9glises : produits d\u2019hygi\u00e8ne et d\u2019alimentation sont les bienvenus<\/span><br \/><span style=\"color: #000000;\">Vente des \u0153ufs de P\u00e2ques pour l\u2019association dioc\u00e9saine : le dimanche 28 mars \u00e0 Flavigny (0,70 euros pi\u00e8ce ou par paquets de 5 \u0153ufs \u00e0 5 \u20ac)<\/span><\/p>\n<p><span style=\"color: #000000;\"><strong>March\u00e9 de P\u00e2ques<\/strong> organis\u00e9 par l\u2019association Kermesse paroissiale : stand de d\u00e9coration de P\u00e2ques et stand gourmand : \u00e0 Fl\u00e9ville, dimanche 28 mars de 9h30 \u00e0 12h \u00e0 c\u00f4t\u00e9 du presbyt\u00e8re<\/span><\/p>\n<p><span style=\"color: #000000;\"><strong>Horaires des messes et offices de la semaine sainte et de P\u00e2ques.<\/strong> <\/span><br \/><span style=\"color: #000000;\"><u>Jeudi 1er avril<\/u> : 17h30 messe de la Sainte C\u00e8ne \u00e0 Heillecourt, Jarville, Bainville <\/span><br \/><span style=\"color: #000000;\"><u>Vendredi 2 avril<\/u> : <\/span><br \/><span style=\"color: #000000;\">15h chemin de croix \u00e0 Heillecourt, Jarville, Neuves-Maisons <\/span><br \/><span style=\"color: #000000;\">16h30 Office de la croix \u00e0 Bainville\u00a0 <\/span><br \/><span style=\"color: #000000;\">17h30 Office de la croix \u00e0 Heillecourt, Jarville\u00a0 <\/span><br \/><span style=\"color: #000000;\"><u>Samedi 3 avril<\/u> : 15h Office du samedi saint \u00e0 Pulligny <\/span><br \/><span style=\"color: #000000;\"><u>Dimanche 4 avril<\/u> : <\/span><br \/><span style=\"color: #000000;\">Vigile de P\u00e2ques : 6h30 Heillecourt et Jarville <\/span><br \/><span style=\"color: #000000;\">Messe du jour de P\u00e2ques : <\/span><br \/><span style=\"color: #000000;\">10h Flavigny, Fl\u00e9ville, Xeuilley\u00a0\u00a0\u00a0\u00a0\u00a0\u00a0\u00a0\u00a0\u00a0\u00a0 <\/span><br \/><span style=\"color: #000000;\">10h30 Laneuveville, Neuves-Maisons\u00a0\u00a0\u00a0\u00a0\u00a0\u00a0\u00a0\u00a0\u00a0\u00a0<\/span><\/p>\n<p><strong><span style=\"color: #000000;\">Intentions de messes de la Vigile de P\u00e2ques<\/span><\/strong><br \/><span style=\"color: #000000;\">Pour les intentions de messe pr\u00e9vues pour la Vigile de P\u00e2ques du Samedi soir 3 avril \u00e0 Jarville et celles du dimanche de P\u00e2ques matin \u00e0 Laneuveville, prendre contact avec la paroisse si vous voulez les mettre \u00e0 une autre date.<\/span><\/p>\n<p><span style=\"color: #000000;\"><strong>R\u00e9p\u00e9tition de chants<\/strong> pour la Vigile Pascale \u00e0 Jarville : samedi 3 avril \u00e0 14h<\/span><\/p>\n<p><span style=\"color: #000000;\"><strong>M\u00e9nage<\/strong> de l\u2019\u00e9glise de Jarville : le lundi 29 mars, rendez-vous \u00e0 9h.<\/span><\/p>\n<p><span style=\"color: #000000;\"><strong>COUVRE-FEU A 19H !\u00a0<\/strong> <\/span><br \/><span style=\"color: #000000;\">Les messes de semaine seront \u00e0 18h et les messes du samedi \u00e0 17h30 : Attention, pas de messe le mardi 30 \u00e0 Jarville (car messe chrismale)\u00a0 <\/span><br \/><span style=\"color: #000000;\">Les messes anticip\u00e9es du dimanche, \u00e0 Heillecourt et Laneuveville, ont lieu \u00e0 17h30, le samedi, jusqu\u2019\u00e0 nouvel ordre. Toutes les messes de semaine \u00e0 Jarville, du mardi au vendredi, sont \u00e0 18h. Un pr\u00eatre y est pr\u00e9sent les mardis et vendredis \u00e0 partir de 17h30.<\/span><\/p>\n<p><span style=\"color: #000000;\"><strong>Qu\u00eates imp\u00e9r\u00e9es<\/strong> <\/span><br \/><span style=\"color: #000000;\">La qu\u00eate du Vendredi saint est une qu\u00eate dite \u2018\u2019imp\u00e9r\u00e9e\u2019\u2019 : cette qu\u00eate est donn\u00e9e pour soutenir la pr\u00e9sence chr\u00e9tienne en Terre Sainte \u00e0 travers des \u0153uvres \u00e9ducatives, sociales et paroissiales. <\/span><br \/><span style=\"color: #000000;\">La qu\u00eate du dimanche des Rameaux est une qu\u00eate consacr\u00e9e \u00e0 l\u2019Institut catholique de Paris : Fond\u00e9 en 1875, l&rsquo;Institut catholique de Paris (ICP) d\u00e9ploie un projet universitaire souhait\u00e9 et soutenu par l\u2019\u00c9glise. Les \u00e9v\u00eaques des 35 dioc\u00e8ses fondateurs (dont le dioc\u00e8se de Nancy et de Toul) de l\u2019Institut Catholique de Paris ont souhait\u00e9 que ce soit organis\u00e9e chaque ann\u00e9e.<\/span><\/p>\n<p><strong><span style=\"color: #000000;\">Denier de l\u2019\u00c9glise<\/span><\/strong><br \/><span style=\"color: #000000;\">Les personnes distributrices de la Passerelle vont d\u00e9poser dans toutes les bo\u00eetes aux lettres l\u2019enveloppe Denier de l\u2019\u00c9glise de la campagne 2021. Des exemplaires se trouvent aussi au fond des \u00e9glises. N\u2019h\u00e9sitez pas \u00e0 en parler autour de vous.\u00a0<\/span><\/p>\n<p><span style=\"color: #000000;\"><strong>AUTRES ANNONCES<\/strong><\/span><\/p>\n<p><span style=\"color: #000000;\"><strong>M\u00e9ditation de pr\u00eatres &#8211; Semaine Sainte<\/strong> <\/span><br \/><span style=\"color: #000000;\">Chaque jour de la semaine sainte un pr\u00eatre du dioc\u00e8se de Nancy-Toul livre une m\u00e9ditation sur RCF \u2013 Elles ont diffus\u00e9es du lundi 29 mars au vendredi 2 avril \u00e0 8h45 et le dimanche 3 avril \u00e0 6h45 et 17h30. On peut les retrouver sur le site du dioc\u00e8se.<\/span><\/p>\n<p><span style=\"color: #000000;\"><strong>Des itin\u00e9raires spirituels pour la semaine sainte<\/strong> <\/span><br \/><span style=\"color: #000000;\">Du 28\/03\/2021 au 04\/04\/2021 : Le p\u00e8re Dominique Aubry (\u00c9quipe dioc\u00e9saine de formation spirituelle) vous propose des m\u00e9ditations pour vivre la Semaine Sainte. Elles seront publi\u00e9es au fur et \u00e0 mesure de la Semaine<\/span><\/p>\n<p><span style=\"color: #000000;\"><strong>Avec RCF<\/strong> \u00a0<\/span><br \/><span style=\"color: #000000;\">La radio chr\u00e9tienne se mobilise pour proposer une programmation exceptionnelle pendant la Semaine Sainte. \u00c0 Nancy sur 93.7 FM, \u00e0 Longwy sur 101.4 FM, ou sur internet. <\/span><br \/><span style=\"color: #000000;\">Mardi 30 mars \u00e0 15h, RCF retransmet la messe chrismale depuis la cath\u00e9drale de Toul. <\/span><br \/><span style=\"color: #000000;\">Du 1er au 4 avril, vivez en direct sur RCF l&rsquo;ensemble des offices du triduum pascal, depuis l&rsquo;\u00e9glise Saint Ignace, \u00e0 Paris.<\/span><\/p>\n<p><span style=\"color: #000000;\">Des propositions sur le site du dioc\u00e8se : catholique-nancy.fr\/pls\/documents utiles<\/span><\/p>\n","protected":false},"excerpt":{"rendered":"<p>Bapt\u00eames &#8211; Confirmation &#8211; Communion \u00c0 Jarville, dimanche 4 avril lors de la Vigile Pascale Marl\u00e8ne, Guillaume, Z\u00e9phirin et Stanislas recevront le bapt\u00eame, la confirmation et communieront pour la premi\u00e8re fois\u00c0 Laneuveville bapt\u00eame de Margaux Gherraf et \u00e0 Flavigny bapt\u00eame de Rose Boyet apr\u00e8s les messes de P\u00e2ques. Le 11 avril bapt\u00eame, confirmation et communion&hellip; <br \/> <a class=\"read-more\" href=\"https:\/\/paroisses-nancy-sud.fr\/HOME\/annonces-de-saint-francois-de-sales-et-sainte-jeanne-de-chantal-du-28-mars-2021\/\">Lire la suite<\/a><\/p>\n","protected":false},"author":2,"featured_media":553,"comment_status":"closed","ping_status":"open","sticky":false,"template":"","format":"standard","meta":[],"categories":[7],"tags":[],"acf":[],"_links":{"self":[{"href":"https:\/\/paroisses-nancy-sud.fr\/HOME\/wp-json\/wp\/v2\/posts\/861"}],"collection":[{"href":"https:\/\/paroisses-nancy-sud.fr\/HOME\/wp-json\/wp\/v2\/posts"}],"about":[{"href":"https:\/\/paroisses-nancy-sud.fr\/HOME\/wp-json\/wp\/v2\/types\/post"}],"author":[{"embeddable":true,"href":"https:\/\/paroisses-nancy-sud.fr\/HOME\/wp-json\/wp\/v2\/users\/2"}],"replies":[{"embeddable":true,"href":"https:\/\/paroisses-nancy-sud.fr\/HOME\/wp-json\/wp\/v2\/comments?post=861"}],"version-history":[{"count":4,"href":"https:\/\/paroisses-nancy-sud.fr\/HOME\/wp-json\/wp\/v2\/posts\/861\/revisions"}],"predecessor-version":[{"id":866,"href":"https:\/\/paroisses-nancy-sud.fr\/HOME\/wp-json\/wp\/v2\/posts\/861\/revisions\/866"}],"wp:featuredmedia":[{"embeddable":true,"href":"https:\/\/paroisses-nancy-sud.fr\/HOME\/wp-json\/wp\/v2\/media\/553"}],"wp:attachment":[{"href":"https:\/\/paroisses-nancy-sud.fr\/HOME\/wp-json\/wp\/v2\/media?parent=861"}],"wp:term":[{"taxonomy":"category","embeddable":true,"href":"https:\/\/paroisses-nancy-sud.fr\/HOME\/wp-json\/wp\/v2\/categories?post=861"},{"taxonomy":"post_tag","embeddable":true,"href":"https:\/\/paroisses-nancy-sud.fr\/HOME\/wp-json\/wp\/v2\/tags?post=861"}],"curies":[{"name":"wp","href":"https:\/\/api.w.org\/{rel}","templated":true}]}}