{"id":870,"date":"2021-04-03T12:35:00","date_gmt":"2021-04-03T10:35:00","guid":{"rendered":"https:\/\/paroisses-nancy-sud.fr\/HOME\/?p=870"},"modified":"2021-04-09T12:37:15","modified_gmt":"2021-04-09T10:37:15","slug":"message-de-monseigneur-papin-pour-la-fete-de-paques-2021","status":"publish","type":"post","link":"https:\/\/paroisses-nancy-sud.fr\/HOME\/message-de-monseigneur-papin-pour-la-fete-de-paques-2021\/","title":{"rendered":"Message de Monseigneur Papin pour la f\u00eate de P\u00e2ques 2021"},"content":{"rendered":"\n<p><span style=\"color: #000000;\">Fr\u00e8res et s\u0153urs, chers amis,<\/span><\/p>\n<p><span style=\"color: #000000;\">Au matin de P\u00e2ques, les moines et les moniales, les pr\u00eatres et les diacres, celles et ceux qui prient la liturgie des heures chantent ou r\u00e9citent cette antienne pascale : \u00ab Le soleil s\u2019est lev\u00e9 : ne cherchez plus parmi les morts le Fils de l\u2019homme : il a bris\u00e9 les verrous de la mort, all\u00e9luia ! \u00bb<\/span><\/p>\n<p><span style=\"color: #000000;\">Dieu n\u2019a pas voulu que la mort garde dans ses liens celui qui avait fait de sa vie une vie pour Dieu et pour les hommes. Marie-Madeleine, Pierre et Jean en font le constat \u00e0 l\u2019aube de P\u00e2ques lorsqu\u2019ils d\u00e9couvrent le tombeau ouvert et vide. \u00c9v\u00e9nement d\u2019une telle nouveaut\u00e9 qu\u2019il est fondateur d\u2019une r\u00e9alit\u00e9 au regard de laquelle tout le reste se trouve irr\u00e9m\u00e9diablement vieilli. C\u2019est ainsi que les premiers chr\u00e9tiens parleront d\u2019une cr\u00e9ation nouvelle inaugur\u00e9e par la r\u00e9surrection de J\u00e9sus. Car il n\u2019est pas ressuscit\u00e9 \u00e0 son seul b\u00e9n\u00e9fice. Parce qu\u2019il a fait de sa vie et de sa mort une vie et une mort pour nous, c\u2019est aussi pour nous qu\u2019il est ressuscit\u00e9 d\u2019entre les morts. Il est entr\u00e9 dans la Vie tel l\u2019a\u00een\u00e9 d\u2019une multitude de fr\u00e8res et soeurs qu\u2019il entra\u00eene avec lui. D\u00e9sormais aupr\u00e8s de son P\u00e8re, il demeure \u00e0 tout jamais fr\u00e8re des hommes, Dieu avec nous, Dieu pour nous !<\/span><\/p>\n<p><span style=\"color: #000000;\">Fr\u00e8res et s\u0153urs, la f\u00eate de P\u00e2ques inonde notre c\u0153ur de sa lumi\u00e8re. Elle suscite en nous une formidable esp\u00e9rance. L\u2019horizon limit\u00e9 et aujourd\u2019hui bien lourd de notre existence terrestre s\u2019ouvre \u00e0 une pl\u00e9nitude de vie \u00e0 laquelle toute personne humaine aspire au plus profond d\u2019elle-m\u00eame. Cette aspiration que Dieu cr\u00e9ateur a d\u00e9pos\u00e9e en nous s\u2019accomplit en J\u00e9sus le Ressuscit\u00e9. Selon l\u2019audacieuse expression de saint Paul, en lui et par lui, nous sommes d\u00e9j\u00e0 ressuscit\u00e9s. D\u00e9sormais, nous dit-il, \u00ab recherchez les r\u00e9alit\u00e9s d\u2019en-haut, et non pas vers celles de la terre \u00bb (Colossiens 3, 2).<\/span><\/p>\n<p><span style=\"color: #000000;\">Ces r\u00e9alit\u00e9s d\u2019en-haut, nous avons cependant \u00e0 les vivre sur cette terre, au jour le jour. Saint Paul les \u00e9num\u00e8re quelques versets plus loin. Ce sont la compassion, la bont\u00e9, l\u2019humilit\u00e9, la douceur, la patience, le pardon mutuel, la paix et, par-dessus tout, l\u2019amour (cf. Colossiens 3, 12-15). Tendre vers ces r\u00e9alit\u00e9s, c\u2019est vivre notre vie selon les dispositions qui furent celles de J\u00e9sus. Il s\u2019agit, pour chacune et chacun de nous, et pour nous tous, ensemble, de faire le bien comme lui-m\u00eame le faisait partout o\u00f9 il passait (cf. Actes 10, 38).<\/span><\/p>\n<p><span style=\"color: #000000;\">En ces temps d\u2019\u00e9pid\u00e9mie, beaucoup vivent dans l\u2019inqui\u00e9tude, la pr\u00e9carit\u00e9 et parfois le deuil. M\u00eame si la situation sanitaire semble s\u2019am\u00e9liorer gr\u00e2ce au d\u00e9veloppement de la vaccination, les cons\u00e9quences d\u00e9sastreuses de la crise que nous subissons depuis un an vont continuer \u00e0 se manifester, et s\u2019amplifier.<\/span><\/p>\n<p><span style=\"color: #000000;\">Au d\u00e9but du Car\u00eame, je vous invitais \u00e0 l\u2019esp\u00e9rance et \u00e0 la fraternit\u00e9. En ce saint jour de P\u00e2ques, je renouvelle cette invitation. Soyons le peuple n\u00e9 de la r\u00e9surrection de J\u00e9sus, un peuple de fr\u00e8res et s\u0153urs, un peuple ardent \u00e0 faire le bien (cf. Tite 2, 14).<\/span><\/p>\n<p><span style=\"color: #000000;\">Joyeuse et sainte f\u00eate de P\u00e2ques.<\/span><\/p>\n<p style=\"text-align: right;\"><span style=\"color: #000000;\">+ Jean-Louis PAPIN,<br \/><\/span><span style=\"color: #000000;\">\u00e9v\u00eaque de Nancy et de Toul<\/span><\/p>\n","protected":false},"excerpt":{"rendered":"<p>Fr\u00e8res et s\u0153urs, chers amis, Au matin de P\u00e2ques, les moines et les moniales, les pr\u00eatres et les diacres, celles et ceux qui prient la liturgie des heures chantent ou r\u00e9citent cette antienne pascale : \u00ab Le soleil s\u2019est lev\u00e9 : ne cherchez plus parmi les morts le Fils de l\u2019homme : il a bris\u00e9&hellip; <br \/> <a class=\"read-more\" href=\"https:\/\/paroisses-nancy-sud.fr\/HOME\/message-de-monseigneur-papin-pour-la-fete-de-paques-2021\/\">Lire la suite<\/a><\/p>\n","protected":false},"author":2,"featured_media":266,"comment_status":"closed","ping_status":"open","sticky":false,"template":"","format":"standard","meta":[],"categories":[3],"tags":[],"acf":[],"_links":{"self":[{"href":"https:\/\/paroisses-nancy-sud.fr\/HOME\/wp-json\/wp\/v2\/posts\/870"}],"collection":[{"href":"https:\/\/paroisses-nancy-sud.fr\/HOME\/wp-json\/wp\/v2\/posts"}],"about":[{"href":"https:\/\/paroisses-nancy-sud.fr\/HOME\/wp-json\/wp\/v2\/types\/post"}],"author":[{"embeddable":true,"href":"https:\/\/paroisses-nancy-sud.fr\/HOME\/wp-json\/wp\/v2\/users\/2"}],"replies":[{"embeddable":true,"href":"https:\/\/paroisses-nancy-sud.fr\/HOME\/wp-json\/wp\/v2\/comments?post=870"}],"version-history":[{"count":1,"href":"https:\/\/paroisses-nancy-sud.fr\/HOME\/wp-json\/wp\/v2\/posts\/870\/revisions"}],"predecessor-version":[{"id":871,"href":"https:\/\/paroisses-nancy-sud.fr\/HOME\/wp-json\/wp\/v2\/posts\/870\/revisions\/871"}],"wp:featuredmedia":[{"embeddable":true,"href":"https:\/\/paroisses-nancy-sud.fr\/HOME\/wp-json\/wp\/v2\/media\/266"}],"wp:attachment":[{"href":"https:\/\/paroisses-nancy-sud.fr\/HOME\/wp-json\/wp\/v2\/media?parent=870"}],"wp:term":[{"taxonomy":"category","embeddable":true,"href":"https:\/\/paroisses-nancy-sud.fr\/HOME\/wp-json\/wp\/v2\/categories?post=870"},{"taxonomy":"post_tag","embeddable":true,"href":"https:\/\/paroisses-nancy-sud.fr\/HOME\/wp-json\/wp\/v2\/tags?post=870"}],"curies":[{"name":"wp","href":"https:\/\/api.w.org\/{rel}","templated":true}]}}