{"id":879,"date":"2021-04-22T23:30:00","date_gmt":"2021-04-22T21:30:00","guid":{"rendered":"https:\/\/paroisses-nancy-sud.fr\/HOME\/?p=879"},"modified":"2021-04-23T15:01:06","modified_gmt":"2021-04-23T13:01:06","slug":"neuvaine-pour-les-vocations","status":"publish","type":"post","link":"https:\/\/paroisses-nancy-sud.fr\/HOME\/neuvaine-pour-les-vocations\/","title":{"rendered":"Neuvaine pour les vocations"},"content":{"rendered":"\n<p><span style=\"color: #000000;\">Chaque ann\u00e9e, le 4<sup>e<\/sup> dimanche de P\u00e2ques (25 avril 2021), l\u2019\u00c9glise catholique prie pour les vocations. Cette ann\u00e9e, le th\u00e8me est\u00a0: <em><span style=\"color: #ff0000;\">\u00ab\u00a0Tes questions m\u00e9ritent une r\u00e9ponse\u00a0!\u00a0\u00bb<\/span> <\/em><\/span><br \/><span style=\"color: #000000;\">Le Service des jeunes, o\u00f9 l\u2019on peut rencontrer un pr\u00eatre, un religieux ou une religieuse, qui pourront r\u00e9pondre \u00e0 tes questions, est au domaine de l\u2019Asn\u00e9e \u00e0 Villers les Nancy\u00a0: <a style=\"color: #000000;\" href=\"mailto:diojeunes@catholique-nancy.fr\">diojeunes@catholique-nancy.fr<\/a><\/span><\/p>\n<p><span style=\"color: #000000;\">En attendant de prier tous ensemble, dans le monde entier pour les vocations le 25 avril, voici une neuvaine de pri\u00e8re, du 16 au 25 avril. (@ site hozana.org) <\/span><br \/><span style=\"color: #000000;\">Au fil des jours, la cha\u00eene de pri\u00e8re priera pour que les jeunes puissent trouver des lieux d&rsquo;\u00c9glise qui leur permettent de mieux se conna\u00eetre et d&rsquo;approfondir leur relation au Christ. Des lieux qui feront droit aux n\u00e9cessaires \u00e9tapes de leur discernement et leur permettront ainsi de poser des d\u00e9cisions de vie qui sont les bonnes ! (Jour 1\u00a0: intention du jour + pri\u00e8re des vocations, etc.)<\/span><\/p>\n<p><span style=\"color: #000000;\">Jour 1 &#8211; Prions pour les jeunes qui, comme C\u00e9cile, discernent lors d&rsquo;un volontariat international<\/span><br \/><span style=\"color: #000000;\">Jour 2 &#8211; Prions pour les jeunes qui, comme Th\u00e9o, vivent une ann\u00e9e pour Dieu<\/span><br \/><span style=\"color: #000000;\">Jour 3 &#8211; Prions pour les jeunes qui, comme Mathilde, font grandir des engagements et des choix de vie \u00e0 travers le scoutisme<\/span><br \/><span style=\"color: #000000;\">Jour 4 &#8211; Prions pour les prop\u00e9deutes qui, comme Hugo, discernent un appel au minist\u00e8re de pr\u00eatre dioc\u00e9sain<\/span><br \/><span style=\"color: #000000;\">Jour 5 &#8211; Prions pour les jeunes qui, comme St\u00e9phanie, font le choix d&rsquo;avoir un accompagnement spirituel r\u00e9gulier<\/span><br \/><span style=\"color: #000000;\">Jour 6 &#8211; Prions pour les jeunes qui, comme Simon-Pierre, se d\u00e9couvrent en allant vers les autres<\/span><br \/><span style=\"color: #000000;\">Jour 7 &#8211; Prions pour les jeunes qui, comme Mathilde, mettent leurs talents au service de leurs paroisses et de leurs fr\u00e8res<\/span><br \/><span style=\"color: #000000;\">Jour 8 &#8211; Prions pour les jeunes qui, comme Ariane, ont l&rsquo;audace de vivre des retraites de discernement vocationnel<\/span><br \/><span style=\"color: #000000;\">Jour 9 &#8211; Prions pour les jeunes qui, comme Quentin, cheminent avec leur service dioc\u00e9sain des vocations.<\/span><\/p>\n<p style=\"text-align: center;\"><span style=\"color: #000000;\"><strong><u>Pri\u00e8re pour toutes les vocations<\/u><\/strong><\/span><\/p>\n<p style=\"text-align: center;\"><span style=\"color: #000000;\"><em>Seigneur, nous te rendons gr\u00e2ce pour ton appel \u00e0 la vie, \u00e0 l&rsquo;amiti\u00e9 avec toi, \u00e0 la saintet\u00e9. Fais de nous des hommes et des femmes qui s&rsquo;approprient la fragilit\u00e9 des autres, qui ne permettent pas qu&rsquo;\u00e9merge une soci\u00e9t\u00e9 d&rsquo;exclusion mais qui se font proches. Donne-nous le t\u00e9moignage d&rsquo;amour de couples confiants en ta pr\u00e9sence et fortifi\u00e9s dans le lien du mariage. Accorde-leur de construire une famille unie, missionnaire, pleine de foi et attentive aux besoins des autres. Donne \u00e0 notre monde les pr\u00eatres dont il a besoin, t\u00e9moins de ta Parole et de ta pr\u00e9sence dans les sacrements, Accorde-nous des diacres permanents passionn\u00e9s de l&rsquo;\u00c9vangile et au service de leurs fr\u00e8res. Donne au monde les consacr\u00e9s : religieux, religieuses, ermites, vierges consacr\u00e9es\u2026 qui dans la pri\u00e8re et l&rsquo;engagement sauront \u00eatre acteurs d&rsquo;une transformation de la soci\u00e9t\u00e9 dans l&rsquo;amour. Donne \u00e0 chacun de nous de vivre avec pl\u00e9nitude ton appel \u00e0 la saintet\u00e9 et de transmettre la joie de l&rsquo;\u00c9vangile au c\u0153ur du monde. Amen<\/em><\/span><\/p>\n","protected":false},"excerpt":{"rendered":"<p>Chaque ann\u00e9e, le 4e dimanche de P\u00e2ques (25 avril 2021), l\u2019\u00c9glise catholique prie pour les vocations. Cette ann\u00e9e, le th\u00e8me est\u00a0: \u00ab\u00a0Tes questions m\u00e9ritent une r\u00e9ponse\u00a0!\u00a0\u00bb Le Service des jeunes, o\u00f9 l\u2019on peut rencontrer un pr\u00eatre, un religieux ou une religieuse, qui pourront r\u00e9pondre \u00e0 tes questions, est au domaine de l\u2019Asn\u00e9e \u00e0 Villers les&hellip; <br \/> <a class=\"read-more\" href=\"https:\/\/paroisses-nancy-sud.fr\/HOME\/neuvaine-pour-les-vocations\/\">Lire la suite<\/a><\/p>\n","protected":false},"author":2,"featured_media":880,"comment_status":"closed","ping_status":"open","sticky":false,"template":"","format":"standard","meta":[],"categories":[3],"tags":[],"acf":[],"_links":{"self":[{"href":"https:\/\/paroisses-nancy-sud.fr\/HOME\/wp-json\/wp\/v2\/posts\/879"}],"collection":[{"href":"https:\/\/paroisses-nancy-sud.fr\/HOME\/wp-json\/wp\/v2\/posts"}],"about":[{"href":"https:\/\/paroisses-nancy-sud.fr\/HOME\/wp-json\/wp\/v2\/types\/post"}],"author":[{"embeddable":true,"href":"https:\/\/paroisses-nancy-sud.fr\/HOME\/wp-json\/wp\/v2\/users\/2"}],"replies":[{"embeddable":true,"href":"https:\/\/paroisses-nancy-sud.fr\/HOME\/wp-json\/wp\/v2\/comments?post=879"}],"version-history":[{"count":4,"href":"https:\/\/paroisses-nancy-sud.fr\/HOME\/wp-json\/wp\/v2\/posts\/879\/revisions"}],"predecessor-version":[{"id":973,"href":"https:\/\/paroisses-nancy-sud.fr\/HOME\/wp-json\/wp\/v2\/posts\/879\/revisions\/973"}],"wp:featuredmedia":[{"embeddable":true,"href":"https:\/\/paroisses-nancy-sud.fr\/HOME\/wp-json\/wp\/v2\/media\/880"}],"wp:attachment":[{"href":"https:\/\/paroisses-nancy-sud.fr\/HOME\/wp-json\/wp\/v2\/media?parent=879"}],"wp:term":[{"taxonomy":"category","embeddable":true,"href":"https:\/\/paroisses-nancy-sud.fr\/HOME\/wp-json\/wp\/v2\/categories?post=879"},{"taxonomy":"post_tag","embeddable":true,"href":"https:\/\/paroisses-nancy-sud.fr\/HOME\/wp-json\/wp\/v2\/tags?post=879"}],"curies":[{"name":"wp","href":"https:\/\/api.w.org\/{rel}","templated":true}]}}